{"id":2166,"count":12,"description":"A karab\u00ednerek sz\u00e9les k\u00f6rben haszn\u00e1lhat\u00f3 f\u00e9m kell\u00e9kek. K\u00edn\u00e1latunkat igyekezt\u00fcnk \u00fagy kialak\u00edtani, hogy mindenki megtal\u00e1lja a sz\u00e1m\u00e1ra ide\u00e1lis verzi\u00f3t. Egyar\u00e1nt gondoltunk a t\u00e1ska, a kis\u00e1llat felszerel\u00e9s \u00e9s a rekl\u00e1mt\u00e1rgyak k\u00e9sz\u00edt\u0151ire. A karabinereink sokoldal\u00fas\u00e1guk mellett k\u00f6nnyen haszn\u00e1lhat\u00f3k, valamint sz\u00e1mos m\u00e9retben \u00e9s sz\u00ednben rendelhet\u0151k, hogy megfeleljenek az egy\u00e9ni ig\u00e9nyeknek \u00e9s preferenci\u00e1knak.","link":"https:\/\/cipokellekek.hu\/en\/karabinerek\/","name":"Karab\u00ednerek","slug":"karabinerek","taxonomy":"product_cat","parent":0,"meta":[],"_links":{"self":[{"href":"https:\/\/cipokellekek.hu\/en\/wp-json\/wp\/v2\/product_cat\/2166","targetHints":{"allow":["GET"]}}],"collection":[{"href":"https:\/\/cipokellekek.hu\/en\/wp-json\/wp\/v2\/product_cat"}],"about":[{"href":"https:\/\/cipokellekek.hu\/en\/wp-json\/wp\/v2\/taxonomies\/product_cat"}],"wp:post_type":[{"href":"https:\/\/cipokellekek.hu\/en\/wp-json\/wp\/v2\/product?product_cat=2166"}],"curies":[{"name":"wp","href":"https:\/\/api.w.org\/{rel}","templated":true}]}}