{"id":375987,"date":"2026-02-03T10:21:37","date_gmt":"2026-02-03T08:21:37","guid":{"rendered":"https:\/\/cipokellekek.hu\/?p=375987"},"modified":"2025-11-03T15:45:10","modified_gmt":"2025-11-03T13:45:10","slug":"a-cipo-tortenete","status":"publish","type":"post","link":"https:\/\/cipokellekek.hu\/en\/a-cipo-tortenete\/","title":{"rendered":"A cip\u0151 t\u00f6rt\u00e9nete"},"content":{"rendered":"<h1 style=\"text-align: center;\"><strong>A cip\u0151 t\u00f6rt\u00e9nete<img loading=\"lazy\" decoding=\"async\" class=\"alignnone size-large wp-image-375986\" src=\"https:\/\/cipokellekek.hu\/wp-content\/uploads\/2025\/09\/A-cipo-tortenete-1024x683.webp\" alt=\"A cip\u0151 t\u00f6rt\u00e9nete\" width=\"1024\" height=\"683\" srcset=\"https:\/\/cipokellekek.hu\/wp-content\/uploads\/2025\/09\/A-cipo-tortenete-1024x683.webp 1024w, https:\/\/cipokellekek.hu\/wp-content\/uploads\/2025\/09\/A-cipo-tortenete-300x200.webp 300w, https:\/\/cipokellekek.hu\/wp-content\/uploads\/2025\/09\/A-cipo-tortenete-768x512.webp 768w, https:\/\/cipokellekek.hu\/wp-content\/uploads\/2025\/09\/A-cipo-tortenete-1320x880.webp 1320w, https:\/\/cipokellekek.hu\/wp-content\/uploads\/2025\/09\/A-cipo-tortenete-24x16.webp 24w, https:\/\/cipokellekek.hu\/wp-content\/uploads\/2025\/09\/A-cipo-tortenete-36x24.webp 36w, https:\/\/cipokellekek.hu\/wp-content\/uploads\/2025\/09\/A-cipo-tortenete-48x32.webp 48w, https:\/\/cipokellekek.hu\/wp-content\/uploads\/2025\/09\/A-cipo-tortenete-600x400.webp 600w, https:\/\/cipokellekek.hu\/wp-content\/uploads\/2025\/09\/A-cipo-tortenete.webp 1536w\" sizes=\"auto, (max-width: 1024px) 100vw, 1024px\" \/><\/strong><\/h1>\n<p>Ebben a bejegyz\u00e9sben v\u00e9gigkalauzolunk a cip\u0151 t\u00f6rt\u00e9net\u00e9n \u2013 az \u0151skori b\u0151rtalpakt\u00f3l eg\u00e9szen a modern, fenntarthat\u00f3 \u00e9s technol\u00f3giai \u00faj\u00edt\u00e1sokkal k\u00e9sz\u00fclt l\u00e1bbelikig. Megmutatjuk, hogyan v\u00e1lt a cip\u0151 a t\u00fal\u00e9l\u00e9s eszk\u00f6z\u00e9b\u0151l st\u00e1tuszszimb\u00f3lumm\u00e1, divatcikk\u00e9 \u00e9s az \u00f6nkifejez\u00e9s form\u00e1j\u00e1v\u00e1. Sz\u00f3 lesz arr\u00f3l is, milyen szerepet j\u00e1tszottak \u2013 \u00e9s j\u00e1tszanak ma is \u2013 a b\u0151r\u00f6k, talpak, szegecsek \u00e9s m\u00e1s cip\u0151kell\u00e9kek a l\u00e1bbelik fejl\u0151d\u00e9s\u00e9ben, valamint arr\u00f3l, hogy mi\u00e9rt \u00e9rdemes ma is \u00e9rt\u00e9kk\u00e9nt tekinteni egy j\u00f3 cip\u0151re.<\/p>\n<p>A cip\u0151 az emberis\u00e9g egyik legr\u00e9gebbi \u00e9s legfontosabb tal\u00e1lm\u00e1nya. B\u00e1r els\u0151re csak egyszer\u0171 haszn\u00e1lati t\u00e1rgynak t\u0171nhet, val\u00f3j\u00e1ban a t\u00f6rt\u00e9nelem, a kult\u00fara, a technol\u00f3gia \u00e9s a divat k\u00fcl\u00f6nleges metsz\u00e9spontja. A l\u00e1bbeli fejl\u0151d\u00e9se \u2013 az \u0151skori b\u0151rdarabokt\u00f3l eg\u00e9szen a modern sportcip\u0151kig \u2013 nemcsak arr\u00f3l sz\u00f3l, hogyan v\u00e9dj\u00fck a l\u00e1bunkat, hanem arr\u00f3l is, hogyan fejezz\u00fck ki magunkat, \u00e9s hogyan alkalmazkodunk a k\u00f6rnyezet\u00fcnkh\u00f6z. Ebben a hossz\u00fa folyamatban a <a href=\"https:\/\/cipokellekek.hu\/en\/\"><strong>cip\u0151kell\u00e9kek<\/strong><\/a> is kulcsszerepet j\u00e1tszottak: a legegyszer\u0171bb varr\u00f3fonalt\u00f3l kezdve a b\u0151rtalpakon, a f\u00e9mcsatokon \u00e9s a szegecseken \u00e1t a modern szintetikus anyagokig.<\/p>\n<h2><strong>Az \u0151skor \u2013 A kezdetek<\/strong><\/h2>\n<p>A r\u00e9g\u00e9szeti leletek szerint az els\u0151 primit\u00edv l\u00e1bbeliket t\u00f6bb mint 10\u201315\u00a0ezer \u00e9ve k\u00e9sz\u00edtett\u00e9k. \u00c1llatb\u0151rb\u0151l, inakb\u00f3l \u00e9s n\u00f6v\u00e9nyi rostokb\u00f3l k\u00e9sz\u00fclt darabok voltak, amelyeket zsineggel fogtak \u00f6ssze. Ezeket a \u201ecip\u0151ket\u201d nem a sz\u00e9ps\u00e9g\u00fck miatt viselt\u00e9k, hanem a t\u00fal\u00e9l\u00e9s\u00e9rt. A hideg ellen sz\u0151rm\u00e9vel b\u00e9lelt\u00e9k, a forr\u00f3 homokban pedig vastag b\u0151rtalpat haszn\u00e1ltak. Az \u0151sember felismerte: a l\u00e1b v\u00e9delme n\u00e9lk\u00fcl nincs vad\u00e1szat, nincs gy\u0171jt\u00f6get\u00e9s, nincs hossz\u00fa v\u00e1ndorl\u00e1s. Az els\u0151 l\u00e1bbelit teh\u00e1t maga a term\u00e9szet adta, \u00e9s az ember minden alapanyagot k\u00f6zvetlen\u00fcl onnan vett \u00e1t.<\/p>\n<h2><strong>Az \u00f3kor \u2013 A funkci\u00f3 \u00e9s a st\u00e1tusz tal\u00e1lkoz\u00e1sa<\/strong><\/h2>\n<p>Az \u00f3kori Egyiptomban a szand\u00e1l volt a legelterjedtebb l\u00e1bbeli. A f\u00e1ra\u00f3k \u00e9s nemesek d\u00edszes b\u0151rsz\u00edjakkal, arannyal \u00e9s \u00e9kszerrel \u00e9kes\u00edtett v\u00e1ltozatokat hordtak, m\u00edg a k\u00f6zemberek egyszer\u0171, n\u00f6v\u00e9nyi rostb\u00f3l k\u00e9sz\u00fclt darabokat viseltek. A rabszolg\u00e1knak azonban m\u00e9g ilyen sem jutott. A cip\u0151 ekkor m\u00e1r st\u00e1tuszszimb\u00f3lumm\u00e1 v\u00e1lt.<\/p>\n<p>A r\u00f3mai birodalomban a katonai saruk (caliga) er\u0151s szegecsekkel k\u00e9sz\u00fcltek, amelyek biztos\u00edtott\u00e1k a tapad\u00e1st a hossz\u00fa menetel\u00e9sek sor\u00e1n. Ez volt az els\u0151 korszak, amikor a cip\u0151kell\u00e9kek \u2013 p\u00e9ld\u00e1ul a <a href=\"https:\/\/cipokellekek.hu\/en\/szegecsek\/\">szegecsek<\/a> \u2013 strat\u00e9giai szerepet kaptak. A civil lakoss\u00e1g k\u00f6r\u00e9ben pedig d\u00edszesebb szand\u00e1lok \u00e9s f\u00e9lcip\u0151k jelentek meg, amelyek a t\u00e1rsadalmi rangot hangs\u00falyozt\u00e1k.<\/p>\n<h2><strong>A k\u00f6z\u00e9pkor \u2013 Mesters\u00e9g \u00e9s divat<\/strong><\/h2>\n<p>A k\u00f6z\u00e9pkorban a cip\u0151k\u00e9sz\u00edt\u00e9s m\u00e1r \u00f6n\u00e1ll\u00f3 mesters\u00e9gg\u00e9 v\u00e1lt. A c\u00e9hek szigor\u00faan szab\u00e1lyozt\u00e1k a gy\u00e1rt\u00e1st, a tanul\u00f3k pedig \u00e9veken \u00e1t k\u00e9pezt\u00e9k magukat \u2013 ak\u00e1r k\u00fclf\u00f6ld\u00f6n is \u2013-, hogy mestercip\u00e9szek lehessenek. A parasztok egyszer\u0171, tart\u00f3s b\u0151rcip\u0151t viseltek, m\u00edg a nemess\u00e9g extravag\u00e1ns, hossz\u00fa orr\u00fa l\u00e1bbeliket hordott, amelyek gyakran ink\u00e1bb a divatnak, mint a praktikumnak feleltek meg.<\/p>\n<p>Ekkoriban kezdett kib\u0151v\u00fclni a <a href=\"https:\/\/cipokellekek.hu\/en\/kapcsolat\/\"><strong>b\u0151r \u00e9s cip\u0151kell\u00e9k \u201eszak\u00fczletek\u201d<\/strong><\/a> szerepe is, hiszen a mestereknek j\u00f3 min\u0151s\u00e9g\u0171 talpb\u0151rre, b\u0151rsz\u00edjakra, f\u00e9mcsatokra \u00e9s varr\u00f3fonalakra volt sz\u00fcks\u00e9g\u00fck. A cip\u0151 nemcsak az id\u0151j\u00e1r\u00e1si viszontags\u00e1gokt\u00f3l v\u00e9dett meg, hanem egyre ink\u00e1bb a t\u00e1rsadalmi hierarchia kifejez\u0151eszk\u00f6ze lett.<\/p>\n<h2><strong>A renesz\u00e1nsz \u00e9s barokk \u2013 A f\u00e9ny\u0171z\u00e9s kora<\/strong><\/h2>\n<p>A renesz\u00e1nsz korszakban a cip\u0151 a divat k\u00f6z\u00e9ppontj\u00e1ba ker\u00fclt. A sz\u00ednek, anyagok \u00e9s d\u00edsz\u00edt\u00e9sek hihetetlen v\u00e1ltozatoss\u00e1got mutattak. A b\u0151rb\u0151l k\u00e9sz\u00fclt l\u00e1bbeliket gyakran selyemmel vagy b\u00e1rsonnyal kombin\u00e1lt\u00e1k, a f\u00e9mcsatok \u00e9s d\u00edszek szinte k\u00f6telez\u0151 kell\u00e9knek sz\u00e1m\u00edtottak. A barokk idej\u00e9n pedig a cip\u0151 sarka is megjelent \u2013 eleinte a f\u00e9rfiak viselt\u00e9k rangjuk jel\u00e9\u00fcl, k\u00e9s\u0151bb a n\u0151k sz\u00e1m\u00e1ra v\u00e1lt a n\u0151iess\u00e9g szimb\u00f3lum\u00e1v\u00e1.<\/p>\n<p>A korszakban a cip\u0151k nemcsak praktikus, hanem eszt\u00e9tikai funkci\u00f3t is bet\u00f6lt\u00f6ttek. A f\u00e9md\u00edszek, szegecsek, sarkak \u00e9s selyemszalagok n\u00e9lk\u00fcl a korszak luxuscip\u0151i elk\u00e9pzelhetetlenek lettek volna.<\/p>\n<h2><strong>Az ipari forradalom \u2013 A t\u00f6meggy\u00e1rt\u00e1s kezdete<\/strong><\/h2>\n<p>A 18\u201319.\u00a0sz\u00e1zad fordul\u00f3j\u00e1n a cip\u0151k\u00e9sz\u00edt\u00e9s hatalmas v\u00e1ltoz\u00e1son ment kereszt\u00fcl. A k\u00e9zi munk\u00e1t fokozatosan felv\u00e1ltott\u00e1k a g\u00e9pek, \u00e9s megsz\u00fcletett a t\u00f6megtermel\u00e9s. Ez el\u00e9rhet\u0151v\u00e9 \u00e9s megfizethet\u0151v\u00e9 tette a l\u00e1bbeliket sz\u00e9lesebb r\u00e9tegek sz\u00e1m\u00e1ra is.<\/p>\n<p>Ugyanakkor a cip\u00e9szmesters\u00e9g nem t\u0171nt el, ink\u00e1bb \u00e1talakult. A k\u00e9zm\u0171ves m\u0171helyek tov\u00e1bbra is m\u0171k\u00f6dtek, \u00e9s n\u00e1luk ink\u00e1bb a min\u0151s\u00e9gi cip\u0151 jav\u00edt\u00e1sa, egyedi k\u00e9sz\u00edt\u00e9se ker\u00fclt a f\u00f3kuszba a legjobb el\u00e9rhet\u0151 anyagokkal. Ekkor v\u00e1lt n\u00e9lk\u00fcl\u00f6zhetetlenn\u00e9 a <a href=\"https:\/\/cipokellekek.hu\/en\/kapcsolat\/\"><strong>b\u0151r \u00e9s cip\u0151kell\u00e9k szak\u00fczlet<\/strong><\/a>, ahol a cip\u00e9szek beszerezhett\u00e9k a talpakat, szegecseket, sarok\u00e9keket vagy ragaszt\u00f3kat.<\/p>\n<h2><strong>A 20.\u00a0sz\u00e1zad \u2013 A soksz\u00edn\u0171s\u00e9g kora<\/strong><\/h2>\n<p>A modern korban a cip\u0151gy\u00e1rt\u00e1s \u00e9s a divat robban\u00e1sszer\u0171en fejl\u0151d\u00f6tt. Megjelentek a sportcip\u0151k, a bakancsok, a magas sark\u00faak, majd a h\u00e9tk\u00f6znapi utcai cip\u0151k v\u00e9gtelen vari\u00e1ci\u00f3i. A technol\u00f3giai \u00faj\u00edt\u00e1sok \u2013 p\u00e9ld\u00e1ul a gumitalp vagy a szintetikus anyagok \u2013 \u00faj lehet\u0151s\u00e9geket is teremtettek.<\/p>\n<p>A 20.\u00a0sz\u00e1zadban a cip\u0151 m\u00e1r nem csup\u00e1n v\u00e9delmi eszk\u00f6z, hanem divatcikk \u00e9s az identit\u00e1s megtestes\u00fcl\u00e9se lett. Egy j\u00f3l megv\u00e1lasztott l\u00e1bbeli kifejezhette az egy\u00e9n szem\u00e9lyis\u00e9g\u00e9t, t\u00e1rsadalmi st\u00e1tusz\u00e1t, vagy ak\u00e1r l\u00e1zad\u00e1s\u00e1t is. A cip\u0151k vil\u00e1g\u00e1ban a szak\u00fczlet fogalma is megjelent, hiszen a gy\u00e1rt\u00f3knak \u00e9s a cip\u00e9szeknek egyre sz\u00e9lesebb v\u00e1laszt\u00e9kra volt sz\u00fcks\u00e9g\u00fck.<\/p>\n<h2><strong>A jelen \u00e9s a j\u00f6v\u0151 \u2013 Fenntarthat\u00f3s\u00e1g \u00e9s innov\u00e1ci\u00f3<\/strong><\/h2>\n<p>Napjainkban a cip\u0151gy\u00e1rt\u00e1s \u00faj kih\u00edv\u00e1sok el\u00e9 n\u00e9z. A fenntarthat\u00f3s\u00e1g, a k\u00f6rnyezetv\u00e9delem \u00e9s a min\u0151s\u00e9g egyre ink\u00e1bb el\u0151t\u00e9rbe ker\u00fcl. Egyre t\u00f6bb m\u00e1rka pr\u00f3b\u00e1l \u00fajrahasznos\u00edtott anyagokat haszn\u00e1lni, vagy olyan cip\u0151ket k\u00e9sz\u00edteni, amelyek valamilyen tulajdons\u00e1gban \u00fatt\u00f6r\u0151k lehetnek.<\/p>\n<p>Ebben a folyamatban a <strong>b\u0151r \u00e9s cip\u0151kell\u00e9k<\/strong> szerepe is megv\u00e1ltozik: a term\u00e9szetes b\u0151r mellett megjelennek a veg\u00e1n alternat\u00edv\u00e1k, a klasszikus ragaszt\u00f3kat k\u00f6rnyezetbar\u00e1t v\u00e1ltozatok v\u00e1ltj\u00e1k fel. A digit\u00e1lis technol\u00f3gia pedig lehet\u0151v\u00e9 tette a web\u00e1ruh\u00e1zak megjelen\u00e9s\u00e9t is: ma m\u00e1r b\u00e1rki otthonr\u00f3l, n\u00e9h\u00e1ny kattint\u00e1ssal rendelhet cip\u0151t vagy ak\u00e1r talpbet\u00e9tet, cip\u0151f\u0171z\u0151t vagy speci\u00e1lis \u00e1pol\u00f3szereket is.<\/p>\n<p>Ma, a fogyaszt\u00f3i t\u00e1rsadalomban sokszor olcs\u00f3 cip\u0151ket v\u00e1s\u00e1rolunk, amelyeket gyorsan elny\u0171v\u00fcnk, majd egyszer\u0171en kidobunk. Pedig ha visszatekint\u00fcnk a m\u00faltba, l\u00e1thatjuk, mennyire fontos volt az emberek sz\u00e1m\u00e1ra a cip\u0151k megbecs\u00fcl\u00e9se. Nemcsak k\u00f6rnyezetv\u00e9delmi, hanem gazdas\u00e1gi szempontb\u00f3l is \u00e9rdemes lenne ebb\u0151l tanulni.<\/p>\n<p>Egy j\u00f3 cip\u0151 \u00e9lettartama jelent\u0151sen meghosszabb\u00edthat\u00f3, ha id\u0151ben \u00e1poljuk, tiszt\u00edtjuk, \u00e9s bizonyos id\u0151k\u00f6z\u00f6nk\u00e9nt \u00faj f\u0171z\u0151t, talpbet\u00e9tet vagy sarkat kap. Ebben seg\u00edtenek a modern cip\u0151kell\u00e9k web\u00e1ruh\u00e1zak, valamint a b\u0151r \u00e9s cip\u0151kell\u00e9k szak\u00fczletek, ahol mindent megtal\u00e1lhatunk ahhoz, hogy cip\u0151ink ne a szem\u00e9tben tal\u00e1ljanak otthonra, hanem hossz\u00fa ideig a l\u00e1bunkon maradjanak.<\/p>\n<p>A cip\u0151k \u00f3v\u00e1sa, jav\u00edt\u00e1sa \u00e9s \u00e1pol\u00e1sa teh\u00e1t nem csup\u00e1n hagyom\u00e1ny\u0151rz\u00e9s, hanem felel\u0151s d\u00f6nt\u00e9s is: seg\u00edt abban, hogy ne \u00e9lj\u00fck t\u00fal pazarl\u00f3an a mindennapjainkat, \u00e9s hogy a cip\u0151 ism\u00e9t \u00e9rt\u00e9kk\u00e9 v\u00e1ljon, ne pedig gyorsan fogy\u00f3 \u00e1rucikk\u00e9.<\/p>\n<h2><strong>Igazi kincs volt<\/strong><\/h2>\n<p>A t\u00f6rt\u00e9nelem nagy r\u00e9sz\u00e9ben a cip\u0151 nem volt olyan mag\u00e1t\u00f3l \u00e9rtet\u0151d\u0151, mindennapi eszk\u00f6z, mint ma. Az emberek t\u00f6bbs\u00e9g\u00e9nek nem telt t\u00f6bb p\u00e1r l\u00e1bbelire. Sok csal\u00e1dban csup\u00e1n egy-k\u00e9t p\u00e1r cip\u0151 volt \u00f6sszesen, amiket \u00fcnnepnapokon, a templomban vagy fontos esem\u00e9nyeken viseltek. A h\u00e9tk\u00f6znapokban gyakran mez\u00edtl\u00e1b j\u00e1rtak, vagy elny\u0171tt l\u00e1bbeliket haszn\u00e1ltak addig, am\u00edg sz\u00f3 szerint sz\u00e9t nem estek.<\/p>\n<p>Ez\u00e9rt a cip\u0151kh\u00f6z val\u00f3 ragaszkod\u00e1s, azok jav\u00edt\u00e1sa \u00e9s \u00e1pol\u00e1sa alapvet\u0151 r\u00e9sze volt a mindennapoknak. A cip\u00e9sz mesters\u00e9g nemcsak szakma, hanem sz\u00fcks\u00e9gszer\u0171s\u00e9g volt: a l\u00e1bbelit nem eldobt\u00e1k, hanem talpalt\u00e1k, \u00fajrasarkalt\u00e1k, foltozt\u00e1k. Ebben a folyamatban mindig k\u00f6zponti szerepet kaptak a cip\u0151kell\u00e9kek, hiszen ezek tett\u00e9k lehet\u0151v\u00e9, hogy egy cip\u0151 ak\u00e1r gener\u00e1ci\u00f3kon \u00e1t is h\u0171s\u00e9gesen szolg\u00e1ljon.<\/p>\n<h2><strong>\u00d6sszetev\u0151k<\/strong><\/h2>\n<p>Amikor az ember cip\u0151t v\u00e1s\u00e1rol, ritk\u00e1n gondol bele, hogy mennyi apr\u00f3 r\u00e9szletb\u0151l \u00e1ll \u00f6ssze a v\u00e9geredm\u00e9ny. A talp, a sarok, a ragaszt\u00e1s, a szegecsek, a b\u00e9l\u00e9s, a f\u0171z\u0151 \u00e9s a d\u00edsz\u00edt\u0151elemek mind-mind k\u00fcl\u00f6n\u00e1ll\u00f3 cip\u0151kell\u00e9kek, amelyek egy\u00fctt adj\u00e1k ki a k\u00e9nyelmes \u00e9s tart\u00f3s l\u00e1bbelit.<\/p>\n<p>Egy b\u0151rcip\u0151 p\u00e9ld\u00e1ul nemcsak att\u00f3l marad sz\u00e9p \u00e9s er\u0151s, hogy maga az alapanyag j\u00f3 min\u0151s\u00e9g\u0171. A rendszeres \u00e1pol\u00e1s \u2013 cip\u0151kr\u00e9mmel, impregn\u00e1l\u00f3val, kef\u00e9vel \u2013 szint\u00e9n n\u00e9lk\u00fcl\u00f6zhetetlen. Aki igaz\u00e1n odafigyel a l\u00e1bbelij\u00e9re, el\u0151bb-ut\u00f3bb tal\u00e1lkozik egy <a href=\"https:\/\/cipokellekek.hu\/en\/cipoapolasi-kellekek\/\"><strong>b\u0151r \u00e9s cip\u0151kell\u00e9k szak\u00fczlet<\/strong><\/a> k\u00edn\u00e1lat\u00e1val, ahol mindent megtal\u00e1l, ami a cip\u0151 \u00e9lettartam\u00e1t meghosszabb\u00edtja.<\/p>\n<h2><strong>\u00c9rdekess\u00e9gek a cip\u0151k t\u00f6rt\u00e9net\u00e9b\u0151l<\/strong><\/h2>\n<ol>\n<li>\n<h3><strong> A vil\u00e1g legr\u00e9gebbi b\u0151rcip\u0151je \u2013 5\u00a0500 \u00e9ves lelet<\/strong><\/h3>\n<\/li>\n<\/ol>\n<p>A mai \u00d6rm\u00e9nyorsz\u00e1gban, az Areni-1 barlangban tal\u00e1ltak r\u00e1 2008-ban a vil\u00e1g leg\u0151sibb ismert b\u0151rcip\u0151j\u00e9re, egy n\u0151i m\u00e9ret\u0171, egy darabb\u00f3l k\u00e9sz\u00fclt mokaszinra. Radiokarbonos vizsg\u00e1latok alapj\u00e1n a kutat\u00f3k i.e. 3500 k\u00f6r\u00fclire dat\u00e1lj\u00e1k a keletkez\u00e9s\u00e9t. Ez az \u0151si darab meglep\u0151en j\u00f3 \u00e1llapotban maradt fenn, \u00e9s ma Jerev\u00e1nban, az \u00d6rm\u00e9ny T\u00f6rt\u00e9neti M\u00fazeumban van ki\u00e1ll\u00edtva.<\/p>\n<ol start=\"2\">\n<li>\n<h3><strong> A hihetetlen\u00fcl formabiztos \u201epoulaines\u201d \u2013 K\u00f6z\u00e9pkori divatbotr\u00e1ny<\/strong><\/h3>\n<\/li>\n<\/ol>\n<p>A 14\u201315.\u00a0sz\u00e1zadban Eur\u00f3p\u00e1ban n\u00e9pszer\u0171v\u00e9 v\u00e1lt a hossz\u00fa, cs\u0151r\u00f6s cip\u0151 \u2014 a poulaines \u2014, amely egyes esetekben extr\u00e9m hossz\u00fas\u00e1gban kunkorodott vissza a l\u00e1bfej fel\u00e9. B\u00e1r az akkori elit k\u00f6r\u00e9ben k\u00f6zkedvelt volt, vall\u00e1si \u00e9s t\u00e1rsadalmi k\u00f6r\u00f6kben gyakran el\u00edt\u00e9lt\u00e9k a visel\u00e9s\u00e9t. Volt, ahol luxusad\u00f3t vetettek ki visel\u0151j\u00e9re, \u00e9s volt ahol teljesen betiltott\u00e1k. A t\u00f6rt\u00e9n\u00e9szek szerint ezek a cip\u0151k jelent\u0151sen megn\u00f6velt\u00e9k a b\u00fcty\u00f6k kock\u00e1zat\u00e1t \u00e9s a balesetek el\u0151fordul\u00e1s\u00e1nak es\u00e9ly\u00e9t is.<\/p>\n<ol start=\"3\">\n<li>\n<h3><strong> A \u201eturnshoe\u201d \u2013 Bel\u00fclr\u0151l varrt cip\u0151 a tart\u00f3ss\u00e1g\u00e9rt<\/strong><\/h3>\n<\/li>\n<\/ol>\n<p>A k\u00f6z\u00e9pkori turnshoe-k k\u00fcl\u00f6nlegess\u00e9ge abban rejlett, hogy a cip\u0151t bel\u00fclr\u0151l varrt\u00e1k, majd kiford\u00edtva fejezt\u00e9k be, \u00edgy a sarkok \u00e9s varratok bel\u00fcl elrejt\u00e9sre ker\u00fcltek. Ez nemcsak eszt\u00e9tikusabb k\u00fcls\u0151t eredm\u00e9nyezett, de jobban ellen\u00e1llt a kop\u00e1snak \u00e9s a nedvess\u00e9gnek is.<\/p>\n<ol start=\"4\">\n<li>\n<h3><strong> A \u201enegat\u00edv sarok\u201d\u2013 Earth Shoe<\/strong><\/h3>\n<\/li>\n<\/ol>\n<p>1957 k\u00f6r\u00fcl egy d\u00e1n j\u00f3gaoktat\u00f3 \u00e9s szab\u00f3, Anna Kals\u00f8, egy nem mindennapi l\u00e1bbelit tervezett \u2014 az \u00fagynevezett Earth Shoe-t \u2013, amelynek sarka alacsonyabb volt, mint a talpr\u00e9sze. A design c\u00e9lja az volt, hogy j\u00e1r\u00e1s k\u00f6zben a talpnak term\u00e9szetesebb \u00e9rzetet biztos\u00edtson, hasonl\u00f3an a homokhoz. 1970-ben az Egyes\u00fclt \u00c1llamokban nagy sikert aratott, \u00e9s a 70-es \u00e9vekben t\u00f6bb mint sz\u00e1z \u00fczletben \u00e1rus\u00edtott\u00e1k.<\/p>\n<ol start=\"5\">\n<li>\n<h3><strong> Az Armadillo cip\u0151 \u2013 M\u0171v\u00e9szet vagy k\u00ednz\u00f3eszk\u00f6z?<\/strong><\/h3>\n<\/li>\n<\/ol>\n<p>Alexander McQueen \u201eArmadillo\u201d cip\u0151je a 2010-es Plato\u2019s Atlantis kollekci\u00f3 r\u00e9szek\u00e9nt robbant be a divatvil\u00e1gba. A l\u00e1bbeli szinte teljesen eltakarta a l\u00e1bat, \u00e9s ak\u00e1r 12\u00a0h\u00fcvelyk (kb. 30\u00a0cm) magass\u00e1g\u00fa is lehetett. Csak n\u00e9h\u00e1ny p\u00e1r k\u00e9sz\u00fclt bel\u0151le, de nagy hat\u00e1st gyakorolt a divat t\u00f6rt\u00e9net\u00e9nek avantg\u00e1rdos ir\u00e1ny\u00e1ra, valamint bevonult m\u00fazeumi t\u00e1rlatokba is.<\/p>\n<ol start=\"6\">\n<li>\n<h3><strong> \u201eUgly shoes\u201d \u2013 Cs\u00fanyas\u00e1gb\u00f3l divatcikk<\/strong><\/h3>\n<\/li>\n<\/ol>\n<p>Manaps\u00e1g \u00fajra divatosak azok a cip\u0151k, amelyeket kor\u00e1bban \u201ecs\u00fany\u00e1nak\u201d titul\u00e1ltak \u2014 ilyenek p\u00e9ld\u00e1ul a Crocs- vagy Birkenstock-papucsok. A Teen Vogue \u00edr\u00e1sa szerint ez a fordulat r\u00e9szben a k\u00e9nyelmet keres\u0151 kult\u00fara \u00e9s az ironikus \u00f6nkifejez\u00e9s eredm\u00e9nye.<\/p>\n<h2><strong>V\u00e9gsz\u00f3<\/strong><\/h2>\n<p>A cip\u0151 t\u00f6rt\u00e9nete az emberis\u00e9g t\u00f6rt\u00e9net\u00e9nek egyik legizgalmasabb fejezete. Nemcsak arr\u00f3l sz\u00f3l, hogyan v\u00e9dt\u00fck a l\u00e1bunkat, hanem arr\u00f3l is, hogyan fejezt\u00fck ki magunkat, \u00e9s hogyan mutattuk meg, kik vagyunk a t\u00f6rt\u00e9nelem k\u00fcl\u00f6nb\u00f6z\u0151 id\u0151szakai sor\u00e1n. Az \u00e9vezredek alatt a cip\u0151 a t\u00fal\u00e9l\u00e9s eszk\u00f6z\u00e9b\u0151l st\u00e1tuszszimb\u00f3lumm\u00e1, majd divatcikk\u00e9 \u00e9s az identit\u00e1s kifejez\u0151j\u00e9v\u00e9 v\u00e1lt.<\/p>\n<p>\u00c9s b\u00e1r a form\u00e1k, anyagok \u00e9s divatok v\u00e1ltoznak, egy dolog \u00f6r\u00f6k: a cip\u0151kell\u00e9kek n\u00e9lk\u00fcl nincs cip\u0151. Ahogy a m\u00faltban, \u00fagy a j\u00f6v\u0151ben is a <a href=\"https:\/\/cipokellekek.hu\/en\/kapcsolat\/\">b\u0151r \u00e9s cip\u0151kell\u00e9k szak\u00fczletek<\/a> \u00e9s web\u00e1ruh\u00e1zak lesznek azok a helyek, amelyek gondoskodnak r\u00f3la, hogy a cip\u0151k t\u00f6rt\u00e9nete tov\u00e1bb \u00edr\u00f3djon.<\/p>","protected":false},"excerpt":{"rendered":"<p>A cip\u0151 t\u00f6rt\u00e9nete Ebben a bejegyz\u00e9sben v\u00e9gigkalauzolunk a cip\u0151 t\u00f6rt\u00e9net\u00e9n \u2013 az \u0151skori b\u0151rtalpakt\u00f3l eg\u00e9szen a modern, fenntarthat\u00f3 \u00e9s technol\u00f3giai<a class=\"more-link\" href=\"https:\/\/cipokellekek.hu\/en\/a-cipo-tortenete\/\">R\u00e9szletek<\/a><\/p>","protected":false},"author":2,"featured_media":375986,"comment_status":"closed","ping_status":"closed","sticky":false,"template":"","format":"standard","meta":{"_seopress_robots_primary_cat":"none","_seopress_titles_title":"A cip\u0151 t\u00f6rt\u00e9nete.","_seopress_titles_desc":"Ismerd meg a cip\u0151k vil\u00e1g\u00e1t \u00e9s evol\u00faci\u00f3j\u00e1t a kezdetekt\u0151l napjainkig. \u00c9rdekess\u00e9gekr\u0151l \u00e9s a cip\u0151k fenntarthat\u00f3s\u00e1g\u00e1r\u00f3l is k\u00e9pbe ker\u00fclhetsz.","_seopress_robots_index":"","footnotes":""},"categories":[2379],"tags":[],"class_list":["post-375987","post","type-post","status-publish","format-standard","has-post-thumbnail","hentry","category-blog"],"_links":{"self":[{"href":"https:\/\/cipokellekek.hu\/en\/wp-json\/wp\/v2\/posts\/375987","targetHints":{"allow":["GET"]}}],"collection":[{"href":"https:\/\/cipokellekek.hu\/en\/wp-json\/wp\/v2\/posts"}],"about":[{"href":"https:\/\/cipokellekek.hu\/en\/wp-json\/wp\/v2\/types\/post"}],"author":[{"embeddable":true,"href":"https:\/\/cipokellekek.hu\/en\/wp-json\/wp\/v2\/users\/2"}],"replies":[{"embeddable":true,"href":"https:\/\/cipokellekek.hu\/en\/wp-json\/wp\/v2\/comments?post=375987"}],"version-history":[{"count":2,"href":"https:\/\/cipokellekek.hu\/en\/wp-json\/wp\/v2\/posts\/375987\/revisions"}],"predecessor-version":[{"id":377762,"href":"https:\/\/cipokellekek.hu\/en\/wp-json\/wp\/v2\/posts\/375987\/revisions\/377762"}],"wp:featuredmedia":[{"embeddable":true,"href":"https:\/\/cipokellekek.hu\/en\/wp-json\/wp\/v2\/media\/375986"}],"wp:attachment":[{"href":"https:\/\/cipokellekek.hu\/en\/wp-json\/wp\/v2\/media?parent=375987"}],"wp:term":[{"taxonomy":"category","embeddable":true,"href":"https:\/\/cipokellekek.hu\/en\/wp-json\/wp\/v2\/categories?post=375987"},{"taxonomy":"post_tag","embeddable":true,"href":"https:\/\/cipokellekek.hu\/en\/wp-json\/wp\/v2\/tags?post=375987"}],"curies":[{"name":"wp","href":"https:\/\/api.w.org\/{rel}","templated":true}]}}