{"id":374373,"date":"2026-01-06T08:00:37","date_gmt":"2026-01-06T06:00:37","guid":{"rendered":"https:\/\/cipokellekek.hu\/?p=374373"},"modified":"2026-01-13T12:35:36","modified_gmt":"2026-01-13T10:35:36","slug":"nikkelmentes-femkellekek-uj-eu-eloiras-regi-felelosseg","status":"publish","type":"post","link":"https:\/\/cipokellekek.hu\/en\/nikkelmentes-femkellekek-uj-eu-eloiras-regi-felelosseg\/","title":{"rendered":"Nikkelmentes f\u00e9mkell\u00e9kek \u2013 \u00faj EU-el\u0151\u00edr\u00e1s, r\u00e9gi felel\u0151ss\u00e9g"},"content":{"rendered":"<h1><strong>Nikkelmentes f\u00e9mkell\u00e9kek \u2013 \u00faj EU-el\u0151\u00edr\u00e1s, r\u00e9gi felel\u0151ss\u00e9g<\/strong><\/h1>\n<p>Ebben a bejegyz\u00e9sben az Eur\u00f3pai Uni\u00f3 nikkelmentes f\u00e9mkell\u00e9kekre vonatkoz\u00f3 folyamatosan szigorod\u00f3 el\u0151\u00edr\u00e1sair\u00f3l besz\u00e9l\u00fcnk. Megmutatjuk, milyen hat\u00e1ssal vannak ezek a v\u00e1ltoz\u00e1sok a cip\u0151- \u00e9s divatipari gy\u00e1rt\u00f3kra, tervez\u0151kre \u00e9s k\u00e9zm\u0171vesekre, tov\u00e1bb\u00e1 bemutatjuk, hogyan biztos\u00edthatod term\u00e9keid megfelel\u0151s\u00e9g\u00e9t \u00e9s v\u00e1s\u00e1rl\u00f3id biztons\u00e1g\u00e1t nikkelmentes, min\u0151s\u00e9gi f\u00e9malkatr\u00e9szek haszn\u00e1lat\u00e1val.<\/p>\n<p>A nikkelmentess\u00e9gre vonatkoz\u00f3 szab\u00e1lyoz\u00e1sok k\u00fcl\u00f6n\u00f6sen \u00e9rintik b\u0151rd\u00edszm\u0171ipari kell\u00e9keket p\u00e9ld\u00e1ul csatokat, szegecseket, f\u0171z\u0151szemeket, patentokat \u00e9s egy\u00e9b kieg\u00e9sz\u00edt\u0151ket, amelyek <strong>k\u00f6zvetlen kapcsolatba ker\u00fclhetnek a b\u0151rrel<\/strong> cip\u0151k, t\u00e1sk\u00e1k vagy ruh\u00e1zati term\u00e9kek eset\u00e9n.<\/p>\n<p>A szigor\u00edt\u00e1s c\u00e9lja, hogy cs\u00f6kkentse a nikkel okozta allergi\u00e1s reakci\u00f3k el\u0151fordul\u00e1s\u00e1t. Ez az anyag ugyanis \u2013 b\u00e1r tart\u00f3s \u00e9s eszt\u00e9tikus megold\u00e1sk\u00e9nt ismert \u2013 sokakn\u00e1l v\u00e1lthat ki <strong>kontaktallergi\u00e1t<\/strong>, k\u00fcl\u00f6n\u00f6sen hosszabb visel\u00e9s ut\u00e1n.<\/p>\n<p><strong>Kiket \u00e9rint az \u00faj szab\u00e1lyoz\u00e1s?<\/strong><\/p>\n<ul>\n<li><strong>Cip\u0151- \u00e9s t\u00e1skaipari gy\u00e1rt\u00f3kat<\/strong><\/li>\n<li><strong>Ruh\u00e1zati c\u00e9geket \u00e9s textilipari szerepl\u0151ket<\/strong><\/li>\n<li><strong>B\u0151rd\u00edszm\u0171veseket \u00e9s egyedi tervez\u0151ket<\/strong><\/li>\n<li><strong>Cip\u0151jav\u00edt\u00f3kat \u00e9s k\u00e9zm\u0171ves m\u0171helyeket<\/strong><\/li>\n<\/ul>\n<p>B\u00e1rmelyik ipar\u00e1gban dolgozol is, ha f\u00e9mkell\u00e9ket haszn\u00e1lsz b\u0151r vagy textil r\u00f6gz\u00edt\u00e9s\u00e9hez, a szab\u00e1lyoz\u00e1s r\u00e1d is vonatkozik.<\/p>\n<p><strong>Mit k\u00edn\u00e1lunk mi?<\/strong><\/p>\n<p>Gy\u00e1rt\u00f3k\u00e9nt m\u00e1r most is \u00fagy alak\u00edtottuk ki k\u00edn\u00e1latunkat, hogy <strong>szinte minden el\u00e9rhet\u0151 sz\u00ednt \u00e9s bevonatot nikkelmentes v\u00e1ltozatban is tudunk biztos\u00edtani<\/strong>.<\/p>\n<p>Ez azt jelenti, hogy partnereinknek nem kell kompromisszumot k\u00f6tni\u00fck a megjelen\u00e9s, a min\u0151s\u00e9g vagy a szab\u00e1lyoz\u00e1si megfelel\u0151s\u00e9g ter\u00e9n:<\/p>\n<ul>\n<li>\u2705 A legn\u00e9pszer\u0171bb sz\u00ednek (fekete, nikkel, r\u00e9z, antik, arany, stb.) m\u00e1r most el\u00e9rhet\u0151k nikkelmentes v\u00e1ltozatban is<\/li>\n<li>\u2705 Nemcsak eszt\u00e9tikus, de tart\u00f3s \u00e9s b\u0151rbar\u00e1t megold\u00e1st k\u00edn\u00e1lunk<\/li>\n<li>\u2705 Folyamatosan tesztelj\u00fck term\u00e9keinket a REACH \u00e9s az EU aktu\u00e1lis el\u0151\u00edr\u00e1sainak megfelel\u0151en<\/li>\n<\/ul>\n<p>\u00cdgy v\u00e1s\u00e1rl\u00f3ink <strong>biztosak lehetnek benne, hogy amit be\u00e9p\u00edtenek a term\u00e9k\u00fckbe, az nem csak j\u00f3 min\u0151s\u00e9g\u0171, hanem biztons\u00e1gos is<\/strong>.<\/p>\n<p><strong>Hogyan kommunik\u00e1ld a v\u00e1s\u00e1rl\u00f3id fel\u00e9?<\/strong><\/p>\n<p>Ha nikkelmentes term\u00e9kekkel dolgozol, \u00e9rdemes err\u0151l <strong>tudatosan kommunik\u00e1lni<\/strong>. N\u00e9h\u00e1ny javaslat:<\/p>\n<ul>\n<li>T\u00fcntesd fel a weboldaladon, hogy nikkelmentes f\u00e9mkell\u00e9keket haszn\u00e1lsz<\/li>\n<li>H\u00edvd fel a figyelmet a b\u0151rbar\u00e1t megold\u00e1sokra (pl. gyerekcip\u0151kn\u00e9l, b\u0151rrel \u00e9rintkez\u0151 t\u00e1sk\u00e1kn\u00e1l)<\/li>\n<li>Haszn\u00e1lj erre utal\u00f3 ikonokat vagy c\u00edmk\u00e9ket a csomagol\u00e1son \u00e9s marketinganyagaidban<\/li>\n<\/ul>\n<p>A v\u00e1s\u00e1rl\u00f3k egyre tudatosabbak az alapanyagokkal kapcsolatban, \u00edgy az ilyen jelleg\u0171 kommunik\u00e1ci\u00f3 <strong>nemcsak bizalmat \u00e9p\u00edt, hanem versenyel\u0151nyt is jelenthet<\/strong>.<\/p>\n<p><strong>\u00d6sszefoglal\u00e1s: k\u00e9sz\u00fclj tudatosan a v\u00e1ltoz\u00e1sokra<\/strong><\/p>\n<p>A nikkelmentess\u00e9g nem csup\u00e1n szab\u00e1lyoz\u00e1si k\u00e9rd\u00e9s \u2013 <strong>a bizalom, a felel\u0151ss\u00e9g \u00e9s a vev\u0151i el\u00e9gedetts\u00e9g kulcsa is egyben<\/strong>.<br \/>\n2025-t\u0151l a szigorod\u00f3 el\u0151\u00edr\u00e1sok miatt m\u00e1r nemcsak aj\u00e1nlott, hanem elv\u00e1rt is, hogy a f\u00e9mkell\u00e9kek b\u0151rrel \u00e9rintkez\u0151 v\u00e1ltozatai ne okozzanak allergi\u00e1s reakci\u00f3t.<\/p>\n<p><strong>Mi m\u00e1r most biztos\u00edtjuk a megold\u00e1st<\/strong>: k\u00edn\u00e1latunkban sz\u00e1mos sz\u00edn \u00e9s t\u00edpus el\u00e9rhet\u0151 nikkelmentes bevonattal \u2013 \u00edgy nem kell kompromisszumot k\u00f6tn\u00f6d, ha pr\u00e9mium \u00e9s biztons\u00e1gos term\u00e9ket szeretn\u00e9l.<\/p>\n<p>\ud83d\udc49 Tekintsd meg sz\u00ednv\u00e1laszt\u00e9kunkat: <a href=\"https:\/\/cipokellekek.hu\/en\/szinvalasztek\/\">cipokellekek.hu\/szinvalasztek<\/a><\/p>\n<p>&nbsp;<\/p>","protected":false},"excerpt":{"rendered":"<p>Nikkelmentes f\u00e9mkell\u00e9kek \u2013 \u00faj EU-el\u0151\u00edr\u00e1s, r\u00e9gi felel\u0151ss\u00e9g Ebben a bejegyz\u00e9sben az Eur\u00f3pai Uni\u00f3 nikkelmentes f\u00e9mkell\u00e9kekre vonatkoz\u00f3 folyamatosan szigorod\u00f3 el\u0151\u00edr\u00e1sair\u00f3l besz\u00e9l\u00fcnk.<a class=\"more-link\" href=\"https:\/\/cipokellekek.hu\/en\/nikkelmentes-femkellekek-uj-eu-eloiras-regi-felelosseg\/\">R\u00e9szletek<\/a><\/p>","protected":false},"author":2,"featured_media":374377,"comment_status":"closed","ping_status":"closed","sticky":false,"template":"","format":"standard","meta":{"_seopress_robots_primary_cat":"none","_seopress_titles_title":"Nikkelmentes f\u00e9mkell\u00e9kek a cip\u0151- \u00e9s divatiparban \u2013 EU-el\u0151\u00edr\u00e1sok \u00e9s megold\u00e1sok","_seopress_titles_desc":"Tudd meg, hogyan \u00e9rintik a szigorod\u00f3 EU-szab\u00e1lyoz\u00e1sok a nikkeltartalm\u00fa f\u00e9mkell\u00e9keket. Nikkelmentes csatok, szegecsek \u00e9s f\u0171z\u0151szemek gy\u00e1rt\u00f3knak, tervez\u0151knek \u00e9s jav\u00edt\u00f3knak \u2013 biztons\u00e1gos, b\u0151rbar\u00e1t megold\u00e1sok kompromisszumok n\u00e9lk\u00fcl.","_seopress_robots_index":"","footnotes":""},"categories":[2379],"tags":[2399],"class_list":["post-374373","post","type-post","status-publish","format-standard","has-post-thumbnail","hentry","category-blog","tag-nikkelmentes-eloiras"],"_links":{"self":[{"href":"https:\/\/cipokellekek.hu\/en\/wp-json\/wp\/v2\/posts\/374373","targetHints":{"allow":["GET"]}}],"collection":[{"href":"https:\/\/cipokellekek.hu\/en\/wp-json\/wp\/v2\/posts"}],"about":[{"href":"https:\/\/cipokellekek.hu\/en\/wp-json\/wp\/v2\/types\/post"}],"author":[{"embeddable":true,"href":"https:\/\/cipokellekek.hu\/en\/wp-json\/wp\/v2\/users\/2"}],"replies":[{"embeddable":true,"href":"https:\/\/cipokellekek.hu\/en\/wp-json\/wp\/v2\/comments?post=374373"}],"version-history":[{"count":2,"href":"https:\/\/cipokellekek.hu\/en\/wp-json\/wp\/v2\/posts\/374373\/revisions"}],"predecessor-version":[{"id":381496,"href":"https:\/\/cipokellekek.hu\/en\/wp-json\/wp\/v2\/posts\/374373\/revisions\/381496"}],"wp:featuredmedia":[{"embeddable":true,"href":"https:\/\/cipokellekek.hu\/en\/wp-json\/wp\/v2\/media\/374377"}],"wp:attachment":[{"href":"https:\/\/cipokellekek.hu\/en\/wp-json\/wp\/v2\/media?parent=374373"}],"wp:term":[{"taxonomy":"category","embeddable":true,"href":"https:\/\/cipokellekek.hu\/en\/wp-json\/wp\/v2\/categories?post=374373"},{"taxonomy":"post_tag","embeddable":true,"href":"https:\/\/cipokellekek.hu\/en\/wp-json\/wp\/v2\/tags?post=374373"}],"curies":[{"name":"wp","href":"https:\/\/api.w.org\/{rel}","templated":true}]}}